{"id":160,"date":"2023-04-29T12:32:00","date_gmt":"2023-04-29T10:32:00","guid":{"rendered":"https:\/\/fechtsport-online.de\/?p=160"},"modified":"2023-08-04T12:56:00","modified_gmt":"2023-08-04T10:56:00","slug":"siegertreppchen-nur-knapp-verfehlt","status":"publish","type":"post","link":"https:\/\/fechtsport-online.de\/?p=160","title":{"rendered":"Siegertreppchen nur knapp verfehlt"},"content":{"rendered":"\n<p>Am 29. April 2023 fuhr Jakob nach Hannover zu den \u201eNieders\u00e4chsischen Landesmeisterschaften\u201c, um sich mit den Fechtern Niedersachsens in seiner Altersklasse zu messen.<br><br>Nach einer starken Leistung in den Vorrundengefechten ging es anschlie\u00dfend f\u00fcr ihn im A-Finale weiter. Hier durfte er gegen die sieben besten U11-Fechter aus ganz Niedersachsen antreten.<br><br>In den Finalrunden konnte er die Leistungen aus den Vorrunden bekr\u00e4ftigen und verfehlte nur sehr knapp den dritten Platz.<br><br>Wir gratulieren Jakob f\u00fcr diese sehr gute Leistung und freuen uns auf die n\u00e4chste Saison mit Dir!<br><br>Herzlichen Gl\u00fcckwunsch auch an den diesj\u00e4hrigen Landesmeister Lars-Ole aus Buchholz, den Zweitplatzierten Jan aus Braunschweig und den Drittplatzierten Tom-Luca aus Winsen!<\/p>\n","protected":false},"excerpt":{"rendered":"<p>Am 29. April 2023 fuhr Jakob nach Hannover zu den \u201eNieders\u00e4chsischen Landesmeisterschaften\u201c, um sich mit den Fechtern Niedersachsens in seiner Altersklasse zu messen. Nach einer starken Leistung in den Vorrundengefechten ging es anschlie\u00dfend f\u00fcr ihn im A-Finale weiter. Hier durfte er gegen die sieben besten U11-Fechter aus ganz Niedersachsen antreten. In den Finalrunden konnte er &hellip; <\/p>\n<p class=\"link-more\"><a href=\"https:\/\/fechtsport-online.de\/?p=160\" class=\"more-link\"><span class=\"screen-reader-text\">\u201eSiegertreppchen nur knapp verfehlt\u201c<\/span> weiterlesen<\/a><\/p>\n","protected":false},"author":3,"featured_media":165,"comment_status":"closed","ping_status":"closed","sticky":false,"template":"","format":"standard","meta":{"footnotes":""},"categories":[1],"tags":[],"class_list":["post-160","post","type-post","status-publish","format-standard","has-post-thumbnail","hentry","category-uncategorized"],"_links":{"self":[{"href":"https:\/\/fechtsport-online.de\/index.php?rest_route=\/wp\/v2\/posts\/160","targetHints":{"allow":["GET"]}}],"collection":[{"href":"https:\/\/fechtsport-online.de\/index.php?rest_route=\/wp\/v2\/posts"}],"about":[{"href":"https:\/\/fechtsport-online.de\/index.php?rest_route=\/wp\/v2\/types\/post"}],"author":[{"embeddable":true,"href":"https:\/\/fechtsport-online.de\/index.php?rest_route=\/wp\/v2\/users\/3"}],"replies":[{"embeddable":true,"href":"https:\/\/fechtsport-online.de\/index.php?rest_route=%2Fwp%2Fv2%2Fcomments&post=160"}],"version-history":[{"count":1,"href":"https:\/\/fechtsport-online.de\/index.php?rest_route=\/wp\/v2\/posts\/160\/revisions"}],"predecessor-version":[{"id":161,"href":"https:\/\/fechtsport-online.de\/index.php?rest_route=\/wp\/v2\/posts\/160\/revisions\/161"}],"wp:featuredmedia":[{"embeddable":true,"href":"https:\/\/fechtsport-online.de\/index.php?rest_route=\/wp\/v2\/media\/165"}],"wp:attachment":[{"href":"https:\/\/fechtsport-online.de\/index.php?rest_route=%2Fwp%2Fv2%2Fmedia&parent=160"}],"wp:term":[{"taxonomy":"category","embeddable":true,"href":"https:\/\/fechtsport-online.de\/index.php?rest_route=%2Fwp%2Fv2%2Fcategories&post=160"},{"taxonomy":"post_tag","embeddable":true,"href":"https:\/\/fechtsport-online.de\/index.php?rest_route=%2Fwp%2Fv2%2Ftags&post=160"}],"curies":[{"name":"wp","href":"https:\/\/api.w.org\/{rel}","templated":true}]}}